{"id":11054,"date":"2024-07-22T14:17:11","date_gmt":"2024-07-22T13:17:11","guid":{"rendered":"https:\/\/mmlcapital.com\/mml-invests-in-sc-pack-group-to-support-a-new-phase-of-growth\/"},"modified":"2024-07-22T14:31:36","modified_gmt":"2024-07-22T13:31:36","slug":"mml-invests-in-sc-pack-group-to-support-a-new-phase-of-growth","status":"publish","type":"post","link":"https:\/\/mmlcapital.com\/fr\/portfolio-company-news\/mml-invests-in-sc-pack-group-to-support-a-new-phase-of-growth\/","title":{"rendered":"La famille ALLEMANDOU accueille le fonds MML Capital au sein du groupe SC PACK pour une nouvelle \u00e9tape de croissance"},"content":{"rendered":"\n<p>Le groupe SC PACK produit et distribue des emballages tous mat\u00e9riaux (verres, m\u00e9tal, PP, PET, PEHD, aluminium ,carton ) et tous secteurs. Aujourd\u2019hui, SC Pack a d\u00e9velopp\u00e9 une plateforme int\u00e9gr\u00e9e de distribution et de production avec un maillage du territoire de plus de 25 sites en France et en Belgique et compte parmi les leaders de la distribution int\u00e9gr\u00e9e d'emballages en Europe. <\/p>\n\n<p>Visant 300 millions d'euros de revenus d'ici fin 2024, le groupe a d\u00e9montr\u00e9 une transformation et une expansion remarquables, en s'appuyant sur un m\u00e9lange strat\u00e9gique de croissance organique et externe. Le parcours impressionnant de SC PACK en mati\u00e8re d\u2019acquisitions (+10 acquisitions au cours des trois derni\u00e8res ann\u00e9es) r\u00e9sulte de sa capacit\u00e9 unique \u00e0 attirer et int\u00e9grer des propri\u00e9taires-dirigeants dans cette entreprise \u00e0 la forte culture familiale et entrepreneuriale. <\/p>\n\n<p>Apr\u00e8s l'acquisition de Gravis SAS en d\u00e9cembre dernier (CA de \u20ac26 m), leader de la distribution de packaging en verre dans le secteur de la pharmacie, SC PACK a r\u00e9alis\u00e9 sa premi\u00e8re acquisition internationale avec la soci\u00e9t\u00e9 ADRIAANSEN (CA de \u20ac10 m), acteur majeur de la distribution d\u2019emballages industriels sur les march\u00e9s belges et luxembourgeois depuis plus de 30 ans.<\/p>\n\n<p>Le partenariat avec MML Capital permettra de continuer le d\u00e9veloppement organique et externe, en poursuivant la construction d\u2019une plateforme europ\u00e9enne int\u00e9gr\u00e9e pour la distribution et la production d'emballages.<\/p>\n\n<h6 class=\"wp-block-heading\">Selon St\u00e9phane et Christophe ALLEMANDOU Dirigeants du groupe SC Pack :<\/h6>\n\n<blockquote class=\"wp-block-quote is-layout-flow wp-block-quote-is-layout-flow\">\n<p>\"<em>Cette nouvelle alliance avec MML Capital consacre notre trajectoire et soutient notre vision Europ\u00e9enne et ambitieuse pour l'avenir de notre groupe. Elle renforce notre capacit\u00e9 \u00e0 r\u00e9aliser notre vision strat\u00e9gique tout en pr\u00e9servant les valeurs qui sont les piliers de notre succ\u00e8s : le d\u00e9veloppement personnel de nos collaborateurs, la relation de proximit\u00e9 avec nos clients et nos fournisseurs, l\u2019innovation continue, et un engagement fort envers le d\u00e9veloppement durable <\/em>.\"<\/p>\n<\/blockquote>\n\n<h6 class=\"wp-block-heading\">Henry-Louis M\u00e9rieux et Louis de Montille commentent :<\/h6>\n\n<blockquote class=\"wp-block-quote is-layout-flow wp-block-quote-is-layout-flow\">\n<p><em>\u00ab MML est ravi d\u2019accompagner SC PACK, un leader en pleine croissance, et son \u00e9quipe de direction extr\u00eamement reconnue. Cette nouvelle phase de d\u00e9veloppement acc\u00e9l\u00e9rera la croissance de SC PACK en France et \u00e0 l'international, tout en enrichissant sa plateforme int\u00e9gr\u00e9e de distribution et de production d'emballages, avec un engagement fort sur le recyclage faisant de SC PACK un acteur de r\u00e9f\u00e9rence sur les enjeux ESG. \u00bb <\/em><\/p>\n<\/blockquote>\n\n<p>L\u2019\u00e9quipe MML Capital en charge de cet investissement est compos\u00e9e de Henry-Louis M\u00e9rieux (Managing Partner \u2013 France), Louis de Montille (Associ\u00e9), Anne-Claire Lain\u00e9 (Directrice d'Investissement) et Romain Souchois (Charg\u00e9 d'Investissement).<\/p>\n\n<p>MML Capital a \u00e9t\u00e9 conseill\u00e9 par PWC (Conseil Financier et Fiscal), Advancy (Conseil Strat\u00e9gique) et Proskauer (Conseil Juridique).<\/p>\n\n<p>SC PACK a \u00e9t\u00e9 conseill\u00e9 par DEVFINANCE (Conseil MA), Aca Nexia (Conseil Financier), Valther (Conseil Juridique) et Arsene-Taxand (Conseil Fiscal).<\/p>\n\n<p>La transaction est soumise aux conditions de cl\u00f4ture habituelles, y compris l'approbation de<em> l'Autorit\u00e9 fran\u00e7aise de la concurrence.<\/em><\/p>\n\n<p>La r\u00e9alisation effective de la transaction est pr\u00e9vue pour le mois d\u2019ao\u00fbt 2024.<\/p>\n","protected":false},"excerpt":{"rendered":"<p>Les fondateurs de SC PACK et MML Capital sont ravis d\u2019annoncer un accord pour une prise de participation minoritaire de MML Capital aux c\u00f4t\u00e9s de l\u2019\u00e9quipe manag\u00e9riale et de dirigeants de Soci\u00e9t\u00e9s acquises. Cette collaboration marque une \u00e9tape cl\u00e9 dans une histoire riche de pr\u00e8s de 60 ans, initi\u00e9e et port\u00e9e par la famille Allemandou et acc\u00e9l\u00e9r\u00e9e par les dirigeants actuels du groupe St\u00e9phane et Christophe.  <\/p>\n","protected":false},"author":2,"featured_media":11033,"comment_status":"open","ping_status":"open","sticky":false,"template":"","format":"standard","meta":{"footnotes":""},"categories":[192,191],"tags":[],"class_list":["post-11054","post","type-post","status-publish","format-standard","has-post-thumbnail","hentry","category-partnership-company-news","category-portfolio-company-news"],"yoast_head":"<!-- This site is optimized with the Yoast SEO plugin v27.4 - https:\/\/yoast.com\/product\/yoast-seo-wordpress\/ -->\n<title>La famille ALLEMANDOU accueille le fonds MML Capital au sein du groupe SC PACK pour une nouvelle \u00e9tape de croissance - MML Capital<\/title>\n<meta name=\"robots\" content=\"index, follow, max-snippet:-1, max-image-preview:large, max-video-preview:-1\" \/>\n<link rel=\"canonical\" href=\"https:\/\/mmlcapital.com\/fr\/portfolio-company-news\/mml-invests-in-sc-pack-group-to-support-a-new-phase-of-growth\/\" \/>\n<meta property=\"og:locale\" content=\"fr_FR\" \/>\n<meta property=\"og:type\" content=\"article\" \/>\n<meta property=\"og:title\" content=\"La famille ALLEMANDOU accueille le fonds MML Capital au sein du groupe SC PACK pour une nouvelle \u00e9tape de croissance - MML Capital\" \/>\n<meta property=\"og:description\" content=\"Les fondateurs de SC PACK et MML Capital sont ravis d\u2019annoncer un accord pour une prise de participation minoritaire de MML Capital aux c\u00f4t\u00e9s de l\u2019\u00e9quipe manag\u00e9riale et de dirigeants de Soci\u00e9t\u00e9s acquises. Cette collaboration marque une \u00e9tape cl\u00e9 dans une histoire riche de pr\u00e8s de 60 ans, initi\u00e9e et port\u00e9e par la famille Allemandou et acc\u00e9l\u00e9r\u00e9e par les dirigeants actuels du groupe St\u00e9phane et Christophe.\" \/>\n<meta property=\"og:url\" content=\"https:\/\/mmlcapital.com\/fr\/portfolio-company-news\/mml-invests-in-sc-pack-group-to-support-a-new-phase-of-growth\/\" \/>\n<meta property=\"og:site_name\" content=\"MML Capital\" \/>\n<meta property=\"article:published_time\" content=\"2024-07-22T13:17:11+00:00\" \/>\n<meta property=\"article:modified_time\" content=\"2024-07-22T13:31:36+00:00\" \/>\n<meta property=\"og:image\" content=\"https:\/\/mmlcapital.com\/wp-content\/uploads\/2024\/07\/ScPack-ESG-Report-2022-scaled.jpg\" \/>\n\t<meta property=\"og:image:width\" content=\"1811\" \/>\n\t<meta property=\"og:image:height\" content=\"2560\" \/>\n\t<meta property=\"og:image:type\" content=\"image\/jpeg\" \/>\n<meta name=\"author\" content=\"Vicki Smith\" \/>\n<meta name=\"twitter:card\" content=\"summary_large_image\" \/>\n<meta name=\"twitter:label1\" content=\"\u00c9crit par\" \/>\n\t<meta name=\"twitter:data1\" content=\"Vicki Smith\" \/>\n\t<meta name=\"twitter:label2\" content=\"Dur\u00e9e de lecture estim\u00e9e\" \/>\n\t<meta name=\"twitter:data2\" content=\"3 minutes\" \/>\n<script type=\"application\/ld+json\" class=\"yoast-schema-graph\">{\"@context\":\"https:\\\/\\\/schema.org\",\"@graph\":[{\"@type\":\"Article\",\"@id\":\"https:\\\/\\\/mmlcapital.com\\\/fr\\\/portfolio-company-news\\\/mml-invests-in-sc-pack-group-to-support-a-new-phase-of-growth\\\/#article\",\"isPartOf\":{\"@id\":\"https:\\\/\\\/mmlcapital.com\\\/fr\\\/portfolio-company-news\\\/mml-invests-in-sc-pack-group-to-support-a-new-phase-of-growth\\\/\"},\"author\":{\"name\":\"Vicki Smith\",\"@id\":\"https:\\\/\\\/mmlcapital.com\\\/#\\\/schema\\\/person\\\/0aee9ae4caebc95c1500b3feeb72526e\"},\"headline\":\"La famille ALLEMANDOU accueille le fonds MML Capital au sein du groupe SC PACK pour une nouvelle \u00e9tape de croissance\",\"datePublished\":\"2024-07-22T13:17:11+00:00\",\"dateModified\":\"2024-07-22T13:31:36+00:00\",\"mainEntityOfPage\":{\"@id\":\"https:\\\/\\\/mmlcapital.com\\\/fr\\\/portfolio-company-news\\\/mml-invests-in-sc-pack-group-to-support-a-new-phase-of-growth\\\/\"},\"wordCount\":545,\"commentCount\":0,\"publisher\":{\"@id\":\"https:\\\/\\\/mmlcapital.com\\\/#organization\"},\"image\":{\"@id\":\"https:\\\/\\\/mmlcapital.com\\\/fr\\\/portfolio-company-news\\\/mml-invests-in-sc-pack-group-to-support-a-new-phase-of-growth\\\/#primaryimage\"},\"thumbnailUrl\":\"https:\\\/\\\/mmlcapital.com\\\/wp-content\\\/uploads\\\/2024\\\/07\\\/ScPack-ESG-Report-2022-scaled.jpg\",\"articleSection\":[\"Partnership company news\",\"Portfolio company news\"],\"inLanguage\":\"fr-FR\",\"potentialAction\":[{\"@type\":\"CommentAction\",\"name\":\"Comment\",\"target\":[\"https:\\\/\\\/mmlcapital.com\\\/fr\\\/portfolio-company-news\\\/mml-invests-in-sc-pack-group-to-support-a-new-phase-of-growth\\\/#respond\"]}]},{\"@type\":\"WebPage\",\"@id\":\"https:\\\/\\\/mmlcapital.com\\\/fr\\\/portfolio-company-news\\\/mml-invests-in-sc-pack-group-to-support-a-new-phase-of-growth\\\/\",\"url\":\"https:\\\/\\\/mmlcapital.com\\\/fr\\\/portfolio-company-news\\\/mml-invests-in-sc-pack-group-to-support-a-new-phase-of-growth\\\/\",\"name\":\"La famille ALLEMANDOU accueille le fonds MML Capital au sein du groupe SC PACK pour une nouvelle \u00e9tape de croissance - MML Capital\",\"isPartOf\":{\"@id\":\"https:\\\/\\\/mmlcapital.com\\\/#website\"},\"primaryImageOfPage\":{\"@id\":\"https:\\\/\\\/mmlcapital.com\\\/fr\\\/portfolio-company-news\\\/mml-invests-in-sc-pack-group-to-support-a-new-phase-of-growth\\\/#primaryimage\"},\"image\":{\"@id\":\"https:\\\/\\\/mmlcapital.com\\\/fr\\\/portfolio-company-news\\\/mml-invests-in-sc-pack-group-to-support-a-new-phase-of-growth\\\/#primaryimage\"},\"thumbnailUrl\":\"https:\\\/\\\/mmlcapital.com\\\/wp-content\\\/uploads\\\/2024\\\/07\\\/ScPack-ESG-Report-2022-scaled.jpg\",\"datePublished\":\"2024-07-22T13:17:11+00:00\",\"dateModified\":\"2024-07-22T13:31:36+00:00\",\"breadcrumb\":{\"@id\":\"https:\\\/\\\/mmlcapital.com\\\/fr\\\/portfolio-company-news\\\/mml-invests-in-sc-pack-group-to-support-a-new-phase-of-growth\\\/#breadcrumb\"},\"inLanguage\":\"fr-FR\",\"potentialAction\":[{\"@type\":\"ReadAction\",\"target\":[\"https:\\\/\\\/mmlcapital.com\\\/fr\\\/portfolio-company-news\\\/mml-invests-in-sc-pack-group-to-support-a-new-phase-of-growth\\\/\"]}]},{\"@type\":\"ImageObject\",\"inLanguage\":\"fr-FR\",\"@id\":\"https:\\\/\\\/mmlcapital.com\\\/fr\\\/portfolio-company-news\\\/mml-invests-in-sc-pack-group-to-support-a-new-phase-of-growth\\\/#primaryimage\",\"url\":\"https:\\\/\\\/mmlcapital.com\\\/wp-content\\\/uploads\\\/2024\\\/07\\\/ScPack-ESG-Report-2022-scaled.jpg\",\"contentUrl\":\"https:\\\/\\\/mmlcapital.com\\\/wp-content\\\/uploads\\\/2024\\\/07\\\/ScPack-ESG-Report-2022-scaled.jpg\",\"width\":1811,\"height\":2560},{\"@type\":\"BreadcrumbList\",\"@id\":\"https:\\\/\\\/mmlcapital.com\\\/fr\\\/portfolio-company-news\\\/mml-invests-in-sc-pack-group-to-support-a-new-phase-of-growth\\\/#breadcrumb\",\"itemListElement\":[{\"@type\":\"ListItem\",\"position\":1,\"name\":\"Home\",\"item\":\"https:\\\/\\\/mmlcapital.com\\\/fr\\\/home\\\/\"},{\"@type\":\"ListItem\",\"position\":2,\"name\":\"La famille ALLEMANDOU accueille le fonds MML Capital au sein du groupe SC PACK pour une nouvelle \u00e9tape de croissance\"}]},{\"@type\":\"WebSite\",\"@id\":\"https:\\\/\\\/mmlcapital.com\\\/#website\",\"url\":\"https:\\\/\\\/mmlcapital.com\\\/\",\"name\":\"MML Capital\",\"description\":\"Tailored Investments\",\"publisher\":{\"@id\":\"https:\\\/\\\/mmlcapital.com\\\/#organization\"},\"potentialAction\":[{\"@type\":\"SearchAction\",\"target\":{\"@type\":\"EntryPoint\",\"urlTemplate\":\"https:\\\/\\\/mmlcapital.com\\\/?s={search_term_string}\"},\"query-input\":{\"@type\":\"PropertyValueSpecification\",\"valueRequired\":true,\"valueName\":\"search_term_string\"}}],\"inLanguage\":\"fr-FR\"},{\"@type\":\"Organization\",\"@id\":\"https:\\\/\\\/mmlcapital.com\\\/#organization\",\"name\":\"MML Capital\",\"url\":\"https:\\\/\\\/mmlcapital.com\\\/\",\"logo\":{\"@type\":\"ImageObject\",\"inLanguage\":\"fr-FR\",\"@id\":\"https:\\\/\\\/mmlcapital.com\\\/#\\\/schema\\\/logo\\\/image\\\/\",\"url\":\"https:\\\/\\\/mmlcapital.com\\\/wp-content\\\/uploads\\\/2021\\\/06\\\/MML-Logo-Colour.svg\",\"contentUrl\":\"https:\\\/\\\/mmlcapital.com\\\/wp-content\\\/uploads\\\/2021\\\/06\\\/MML-Logo-Colour.svg\",\"width\":150,\"height\":47.701,\"caption\":\"MML Capital\"},\"image\":{\"@id\":\"https:\\\/\\\/mmlcapital.com\\\/#\\\/schema\\\/logo\\\/image\\\/\"}},{\"@type\":\"Person\",\"@id\":\"https:\\\/\\\/mmlcapital.com\\\/#\\\/schema\\\/person\\\/0aee9ae4caebc95c1500b3feeb72526e\",\"name\":\"Vicki Smith\",\"image\":{\"@type\":\"ImageObject\",\"inLanguage\":\"fr-FR\",\"@id\":\"https:\\\/\\\/secure.gravatar.com\\\/avatar\\\/7d8873aaa4d84743c560cea0bb8ddf5e92c7efda2345a5371c45538d5e31a0fc?s=96&d=mm&r=g\",\"url\":\"https:\\\/\\\/secure.gravatar.com\\\/avatar\\\/7d8873aaa4d84743c560cea0bb8ddf5e92c7efda2345a5371c45538d5e31a0fc?s=96&d=mm&r=g\",\"contentUrl\":\"https:\\\/\\\/secure.gravatar.com\\\/avatar\\\/7d8873aaa4d84743c560cea0bb8ddf5e92c7efda2345a5371c45538d5e31a0fc?s=96&d=mm&r=g\",\"caption\":\"Vicki Smith\"}}]}<\/script>\n<!-- \/ Yoast SEO plugin. -->","yoast_head_json":{"title":"La famille ALLEMANDOU accueille le fonds MML Capital au sein du groupe SC PACK pour une nouvelle \u00e9tape de croissance - MML Capital","robots":{"index":"index","follow":"follow","max-snippet":"max-snippet:-1","max-image-preview":"max-image-preview:large","max-video-preview":"max-video-preview:-1"},"canonical":"https:\/\/mmlcapital.com\/fr\/portfolio-company-news\/mml-invests-in-sc-pack-group-to-support-a-new-phase-of-growth\/","og_locale":"fr_FR","og_type":"article","og_title":"La famille ALLEMANDOU accueille le fonds MML Capital au sein du groupe SC PACK pour une nouvelle \u00e9tape de croissance - MML Capital","og_description":"Les fondateurs de SC PACK et MML Capital sont ravis d\u2019annoncer un accord pour une prise de participation minoritaire de MML Capital aux c\u00f4t\u00e9s de l\u2019\u00e9quipe manag\u00e9riale et de dirigeants de Soci\u00e9t\u00e9s acquises. Cette collaboration marque une \u00e9tape cl\u00e9 dans une histoire riche de pr\u00e8s de 60 ans, initi\u00e9e et port\u00e9e par la famille Allemandou et acc\u00e9l\u00e9r\u00e9e par les dirigeants actuels du groupe St\u00e9phane et Christophe.","og_url":"https:\/\/mmlcapital.com\/fr\/portfolio-company-news\/mml-invests-in-sc-pack-group-to-support-a-new-phase-of-growth\/","og_site_name":"MML Capital","article_published_time":"2024-07-22T13:17:11+00:00","article_modified_time":"2024-07-22T13:31:36+00:00","og_image":[{"width":1811,"height":2560,"url":"https:\/\/mmlcapital.com\/wp-content\/uploads\/2024\/07\/ScPack-ESG-Report-2022-scaled.jpg","type":"image\/jpeg"}],"author":"Vicki Smith","twitter_card":"summary_large_image","twitter_misc":{"\u00c9crit par":"Vicki Smith","Dur\u00e9e de lecture estim\u00e9e":"3 minutes"},"schema":{"@context":"https:\/\/schema.org","@graph":[{"@type":"Article","@id":"https:\/\/mmlcapital.com\/fr\/portfolio-company-news\/mml-invests-in-sc-pack-group-to-support-a-new-phase-of-growth\/#article","isPartOf":{"@id":"https:\/\/mmlcapital.com\/fr\/portfolio-company-news\/mml-invests-in-sc-pack-group-to-support-a-new-phase-of-growth\/"},"author":{"name":"Vicki Smith","@id":"https:\/\/mmlcapital.com\/#\/schema\/person\/0aee9ae4caebc95c1500b3feeb72526e"},"headline":"La famille ALLEMANDOU accueille le fonds MML Capital au sein du groupe SC PACK pour une nouvelle \u00e9tape de croissance","datePublished":"2024-07-22T13:17:11+00:00","dateModified":"2024-07-22T13:31:36+00:00","mainEntityOfPage":{"@id":"https:\/\/mmlcapital.com\/fr\/portfolio-company-news\/mml-invests-in-sc-pack-group-to-support-a-new-phase-of-growth\/"},"wordCount":545,"commentCount":0,"publisher":{"@id":"https:\/\/mmlcapital.com\/#organization"},"image":{"@id":"https:\/\/mmlcapital.com\/fr\/portfolio-company-news\/mml-invests-in-sc-pack-group-to-support-a-new-phase-of-growth\/#primaryimage"},"thumbnailUrl":"https:\/\/mmlcapital.com\/wp-content\/uploads\/2024\/07\/ScPack-ESG-Report-2022-scaled.jpg","articleSection":["Partnership company news","Portfolio company news"],"inLanguage":"fr-FR","potentialAction":[{"@type":"CommentAction","name":"Comment","target":["https:\/\/mmlcapital.com\/fr\/portfolio-company-news\/mml-invests-in-sc-pack-group-to-support-a-new-phase-of-growth\/#respond"]}]},{"@type":"WebPage","@id":"https:\/\/mmlcapital.com\/fr\/portfolio-company-news\/mml-invests-in-sc-pack-group-to-support-a-new-phase-of-growth\/","url":"https:\/\/mmlcapital.com\/fr\/portfolio-company-news\/mml-invests-in-sc-pack-group-to-support-a-new-phase-of-growth\/","name":"La famille ALLEMANDOU accueille le fonds MML Capital au sein du groupe SC PACK pour une nouvelle \u00e9tape de croissance - MML Capital","isPartOf":{"@id":"https:\/\/mmlcapital.com\/#website"},"primaryImageOfPage":{"@id":"https:\/\/mmlcapital.com\/fr\/portfolio-company-news\/mml-invests-in-sc-pack-group-to-support-a-new-phase-of-growth\/#primaryimage"},"image":{"@id":"https:\/\/mmlcapital.com\/fr\/portfolio-company-news\/mml-invests-in-sc-pack-group-to-support-a-new-phase-of-growth\/#primaryimage"},"thumbnailUrl":"https:\/\/mmlcapital.com\/wp-content\/uploads\/2024\/07\/ScPack-ESG-Report-2022-scaled.jpg","datePublished":"2024-07-22T13:17:11+00:00","dateModified":"2024-07-22T13:31:36+00:00","breadcrumb":{"@id":"https:\/\/mmlcapital.com\/fr\/portfolio-company-news\/mml-invests-in-sc-pack-group-to-support-a-new-phase-of-growth\/#breadcrumb"},"inLanguage":"fr-FR","potentialAction":[{"@type":"ReadAction","target":["https:\/\/mmlcapital.com\/fr\/portfolio-company-news\/mml-invests-in-sc-pack-group-to-support-a-new-phase-of-growth\/"]}]},{"@type":"ImageObject","inLanguage":"fr-FR","@id":"https:\/\/mmlcapital.com\/fr\/portfolio-company-news\/mml-invests-in-sc-pack-group-to-support-a-new-phase-of-growth\/#primaryimage","url":"https:\/\/mmlcapital.com\/wp-content\/uploads\/2024\/07\/ScPack-ESG-Report-2022-scaled.jpg","contentUrl":"https:\/\/mmlcapital.com\/wp-content\/uploads\/2024\/07\/ScPack-ESG-Report-2022-scaled.jpg","width":1811,"height":2560},{"@type":"BreadcrumbList","@id":"https:\/\/mmlcapital.com\/fr\/portfolio-company-news\/mml-invests-in-sc-pack-group-to-support-a-new-phase-of-growth\/#breadcrumb","itemListElement":[{"@type":"ListItem","position":1,"name":"Home","item":"https:\/\/mmlcapital.com\/fr\/home\/"},{"@type":"ListItem","position":2,"name":"La famille ALLEMANDOU accueille le fonds MML Capital au sein du groupe SC PACK pour une nouvelle \u00e9tape de croissance"}]},{"@type":"WebSite","@id":"https:\/\/mmlcapital.com\/#website","url":"https:\/\/mmlcapital.com\/","name":"MML Capital","description":"Tailored Investments","publisher":{"@id":"https:\/\/mmlcapital.com\/#organization"},"potentialAction":[{"@type":"SearchAction","target":{"@type":"EntryPoint","urlTemplate":"https:\/\/mmlcapital.com\/?s={search_term_string}"},"query-input":{"@type":"PropertyValueSpecification","valueRequired":true,"valueName":"search_term_string"}}],"inLanguage":"fr-FR"},{"@type":"Organization","@id":"https:\/\/mmlcapital.com\/#organization","name":"MML Capital","url":"https:\/\/mmlcapital.com\/","logo":{"@type":"ImageObject","inLanguage":"fr-FR","@id":"https:\/\/mmlcapital.com\/#\/schema\/logo\/image\/","url":"https:\/\/mmlcapital.com\/wp-content\/uploads\/2021\/06\/MML-Logo-Colour.svg","contentUrl":"https:\/\/mmlcapital.com\/wp-content\/uploads\/2021\/06\/MML-Logo-Colour.svg","width":150,"height":47.701,"caption":"MML Capital"},"image":{"@id":"https:\/\/mmlcapital.com\/#\/schema\/logo\/image\/"}},{"@type":"Person","@id":"https:\/\/mmlcapital.com\/#\/schema\/person\/0aee9ae4caebc95c1500b3feeb72526e","name":"Vicki Smith","image":{"@type":"ImageObject","inLanguage":"fr-FR","@id":"https:\/\/secure.gravatar.com\/avatar\/7d8873aaa4d84743c560cea0bb8ddf5e92c7efda2345a5371c45538d5e31a0fc?s=96&d=mm&r=g","url":"https:\/\/secure.gravatar.com\/avatar\/7d8873aaa4d84743c560cea0bb8ddf5e92c7efda2345a5371c45538d5e31a0fc?s=96&d=mm&r=g","contentUrl":"https:\/\/secure.gravatar.com\/avatar\/7d8873aaa4d84743c560cea0bb8ddf5e92c7efda2345a5371c45538d5e31a0fc?s=96&d=mm&r=g","caption":"Vicki Smith"}}]}},"_links":{"self":[{"href":"https:\/\/mmlcapital.com\/fr\/wp-json\/wp\/v2\/posts\/11054","targetHints":{"allow":["GET"]}}],"collection":[{"href":"https:\/\/mmlcapital.com\/fr\/wp-json\/wp\/v2\/posts"}],"about":[{"href":"https:\/\/mmlcapital.com\/fr\/wp-json\/wp\/v2\/types\/post"}],"author":[{"embeddable":true,"href":"https:\/\/mmlcapital.com\/fr\/wp-json\/wp\/v2\/users\/2"}],"replies":[{"embeddable":true,"href":"https:\/\/mmlcapital.com\/fr\/wp-json\/wp\/v2\/comments?post=11054"}],"version-history":[{"count":0,"href":"https:\/\/mmlcapital.com\/fr\/wp-json\/wp\/v2\/posts\/11054\/revisions"}],"wp:featuredmedia":[{"embeddable":true,"href":"https:\/\/mmlcapital.com\/fr\/wp-json\/wp\/v2\/media\/11033"}],"wp:attachment":[{"href":"https:\/\/mmlcapital.com\/fr\/wp-json\/wp\/v2\/media?parent=11054"}],"wp:term":[{"taxonomy":"category","embeddable":true,"href":"https:\/\/mmlcapital.com\/fr\/wp-json\/wp\/v2\/categories?post=11054"},{"taxonomy":"post_tag","embeddable":true,"href":"https:\/\/mmlcapital.com\/fr\/wp-json\/wp\/v2\/tags?post=11054"}],"curies":[{"name":"wp","href":"https:\/\/api.w.org\/{rel}","templated":true}]}}